{"id":134,"date":"2017-01-26T15:58:24","date_gmt":"2017-01-26T15:58:24","guid":{"rendered":"http:\/\/www.pfadfinder-wirtheim.de\/?p=134"},"modified":"2017-01-26T15:58:24","modified_gmt":"2017-01-26T15:58:24","slug":"16-06-26-jubilaeum-pfarrer-aul","status":"publish","type":"post","link":"https:\/\/pfadfinder-wirtheim.de\/?p=134","title":{"rendered":"16-06-26 Jubil\u00e4um Pfarrer Aul"},"content":{"rendered":"<p>Das 25-j\u00e4hrige Priesterjubil\u00e4um unseres Pfarrers Karl-Peter Aul war f\u00fcr uns Anlass, ihn zum Ehrenkuraten unseres Stammes zu ernennen.<\/p>\n<p><a href=\"https:\/\/goo.gl\/photos\/maxPZUospmyjttHZ6\" target=\"_blank\">Hier gibt es die Bilder &#8212;&gt;<\/a><\/p>\n","protected":false},"excerpt":{"rendered":"<p>Das 25-j\u00e4hrige Priesterjubil\u00e4um unseres Pfarrers Karl-Peter Aul war f\u00fcr uns Anlass, ihn zum Ehrenkuraten unseres Stammes zu ernennen. Hier gibt es die Bilder &#8212;&gt;<\/p>\n","protected":false},"author":2,"featured_media":135,"comment_status":"closed","ping_status":"closed","sticky":false,"template":"","format":"standard","meta":{"footnotes":""},"categories":[5],"tags":[],"class_list":["post-134","post","type-post","status-publish","format-standard","has-post-thumbnail","hentry","category-5"],"_links":{"self":[{"href":"https:\/\/pfadfinder-wirtheim.de\/index.php?rest_route=\/wp\/v2\/posts\/134","targetHints":{"allow":["GET"]}}],"collection":[{"href":"https:\/\/pfadfinder-wirtheim.de\/index.php?rest_route=\/wp\/v2\/posts"}],"about":[{"href":"https:\/\/pfadfinder-wirtheim.de\/index.php?rest_route=\/wp\/v2\/types\/post"}],"author":[{"embeddable":true,"href":"https:\/\/pfadfinder-wirtheim.de\/index.php?rest_route=\/wp\/v2\/users\/2"}],"replies":[{"embeddable":true,"href":"https:\/\/pfadfinder-wirtheim.de\/index.php?rest_route=%2Fwp%2Fv2%2Fcomments&post=134"}],"version-history":[{"count":1,"href":"https:\/\/pfadfinder-wirtheim.de\/index.php?rest_route=\/wp\/v2\/posts\/134\/revisions"}],"predecessor-version":[{"id":136,"href":"https:\/\/pfadfinder-wirtheim.de\/index.php?rest_route=\/wp\/v2\/posts\/134\/revisions\/136"}],"wp:featuredmedia":[{"embeddable":true,"href":"https:\/\/pfadfinder-wirtheim.de\/index.php?rest_route=\/wp\/v2\/media\/135"}],"wp:attachment":[{"href":"https:\/\/pfadfinder-wirtheim.de\/index.php?rest_route=%2Fwp%2Fv2%2Fmedia&parent=134"}],"wp:term":[{"taxonomy":"category","embeddable":true,"href":"https:\/\/pfadfinder-wirtheim.de\/index.php?rest_route=%2Fwp%2Fv2%2Fcategories&post=134"},{"taxonomy":"post_tag","embeddable":true,"href":"https:\/\/pfadfinder-wirtheim.de\/index.php?rest_route=%2Fwp%2Fv2%2Ftags&post=134"}],"curies":[{"name":"wp","href":"https:\/\/api.w.org\/{rel}","templated":true}]}}